{"id":11444,"date":"2022-10-04T15:22:14","date_gmt":"2022-10-04T14:22:14","guid":{"rendered":"https:\/\/www.eberle.at\/?p=11444"},"modified":"2022-10-04T15:45:22","modified_gmt":"2022-10-04T14:45:22","slug":"kmu_preis_vorarlbergs_beste_klein_und_mittelbetriebe","status":"publish","type":"post","link":"https:\/\/www.eberle.at\/de\/aktuelles\/kmu_preis_vorarlbergs_beste_klein_und_mittelbetriebe\/","title":{"rendered":"KMU-Preis &#8211; Vorarlbergs beste Klein- und Mittelbetriebe"},"content":{"rendered":"<div class=\"wpb-content-wrapper\"><h1 class=\"seo-page-title\">KMU-Preis &#8211; Vorarlbergs beste Klein- und Mittelbetriebe<\/h1><p>[vc_row][vc_column width=&#8220;1\/3&#8243;][vc_single_image image=&#8220;11412&#8243; img_size=&#8220;full&#8220; add_caption=&#8220;yes&#8220;][vc_column_text]Gl\u00fccklicher Sieger Martin Eberle, ihm gratulierten Christoph Gerster, Wilfried Amann, Robert Sturn, VN-Chefredakteur Gerold Riedmann, WKV-Pr\u00e4sident Wilfried Hopfner und Landesrat Marco Tittler Quelle: Eberle Automatische Systeme[\/vc_column_text][\/vc_column][vc_column width=&#8220;1\/3&#8243;]\r\n\t\t\t<div class=\"card\">\r\n\t\t\t\t<div class=\"s_richtext\">\r\n\t\t\t\t\t<p><strong>KMU-Unternehmer des Jahres 2022<\/strong><\/p>\n<p>Mit vollem Stolz durfte Martin Eberle den KMU-Preis \u201eUnternehmer des Jahres 2022\u201c entgegennehmen. Durch die Initiative der Vorarlberger Nachrichten und der Wirtschaftskammer Vorarlberg sowie deren Partner Vorarlberger Landes-Versicherung, Hypo Vorarlberg, Auto Gerster und der Vorarlberger Landesregierung wurde am 29.09.2022 der \u201eKMU-Preis \u2013 Vorarlbergs beste Klein- und Mittelbetriebe\u201c bereits zum 14. Mal verliehen.\u00a0 Gestartet wurde mit einem gem\u00fctlichen Aperitif im Messequartier in Dornbirn. Gefolgt von einer spannenden Rede des Fiskalrates und Vorsitzender des Produktivit\u00e4tsrat Christoph Badelt. Das feierliche durfte nat\u00fcrlich nicht zu kurz kommen und wurde mit einem Flying-Buffet und ein Gl\u00e4schen Sekt abgerundet.<\/p>\n<p>Alles im allen war es eine gelungene Veranstaltung!<\/p>\n<p><a href=\"https:\/\/www.eberle.at\/wp-content\/uploads\/2022\/10\/20220930_KMU-Journal.pdf\">KMU-Journal 2022<\/a><\/p>\n<p>Bericht in den\u00a0<a href=\"https:\/\/www.eberle.at\/wp-content\/uploads\/2022\/09\/VN-D001BR3009_6182728.pdf\">Vorarlberger Nachrichten vom 30.09.2022<\/a><\/p>\n<p><a href=\"https:\/\/www.kmu.vn.at\/\">kmu.vn.at<\/a><\/p>\n\r\n\t\t\t\t<\/div>\r\n\t\t\t<\/div>[\/vc_column][vc_column width=&#8220;1\/3&#8243;][\/vc_column][\/vc_row]<\/p>\n<\/div>","protected":false},"excerpt":{"rendered":"<p>Mit vollem Stolz durfte Martin Eberle den KMU-Preis \u201eUnternehmer des Jahres 2022\u201c entgegennehmen.<\/p>\n","protected":false},"author":10,"featured_media":11412,"comment_status":"closed","ping_status":"open","sticky":false,"template":"","format":"aside","meta":{"footnotes":""},"categories":[37],"tags":[],"class_list":["post-11444","post","type-post","status-publish","format-aside","has-post-thumbnail","hentry","category-presse","post_format-post-format-aside"],"_links":{"self":[{"href":"https:\/\/www.eberle.at\/de\/wp-json\/wp\/v2\/posts\/11444","targetHints":{"allow":["GET"]}}],"collection":[{"href":"https:\/\/www.eberle.at\/de\/wp-json\/wp\/v2\/posts"}],"about":[{"href":"https:\/\/www.eberle.at\/de\/wp-json\/wp\/v2\/types\/post"}],"author":[{"embeddable":true,"href":"https:\/\/www.eberle.at\/de\/wp-json\/wp\/v2\/users\/10"}],"replies":[{"embeddable":true,"href":"https:\/\/www.eberle.at\/de\/wp-json\/wp\/v2\/comments?post=11444"}],"version-history":[{"count":6,"href":"https:\/\/www.eberle.at\/de\/wp-json\/wp\/v2\/posts\/11444\/revisions"}],"predecessor-version":[{"id":11462,"href":"https:\/\/www.eberle.at\/de\/wp-json\/wp\/v2\/posts\/11444\/revisions\/11462"}],"wp:featuredmedia":[{"embeddable":true,"href":"https:\/\/www.eberle.at\/de\/wp-json\/wp\/v2\/media\/11412"}],"wp:attachment":[{"href":"https:\/\/www.eberle.at\/de\/wp-json\/wp\/v2\/media?parent=11444"}],"wp:term":[{"taxonomy":"category","embeddable":true,"href":"https:\/\/www.eberle.at\/de\/wp-json\/wp\/v2\/categories?post=11444"},{"taxonomy":"post_tag","embeddable":true,"href":"https:\/\/www.eberle.at\/de\/wp-json\/wp\/v2\/tags?post=11444"}],"curies":[{"name":"wp","href":"https:\/\/api.w.org\/{rel}","templated":true}]}}