{"id":11649,"date":"2023-01-17T14:09:14","date_gmt":"2023-01-17T13:09:14","guid":{"rendered":"https:\/\/www.eberle.at\/aktuelles\/lange-nacht-der-forschung-2022-2\/"},"modified":"2023-01-23T11:26:00","modified_gmt":"2023-01-23T10:26:00","slug":"tech-con-2022","status":"publish","type":"post","link":"https:\/\/www.eberle.at\/de\/aktuelles\/tech-con-2022\/","title":{"rendered":"Tech.CON 2022"},"content":{"rendered":"<div class=\"wpb-content-wrapper\"><h1 class=\"seo-page-title\">Tech.CON 2022<\/h1><p>[vc_row][vc_column width=&#8220;1\/2&#8243;]<div class=\"carousel\">\r\n        <ul class=\"carousel__items\">\r\n\t\t\t\t<li>\r\n\t\t\t\t\t<img decoding=\"async\" data-src=\"https:\/\/www.eberle.at\/wp-content\/uploads\/2023\/01\/20221130_090921.jpg\" src=\"data:image\/svg+xml;base64,PHN2ZyB3aWR0aD0iMSIgaGVpZ2h0PSIxIiB4bWxucz0iaHR0cDovL3d3dy53My5vcmcvMjAwMC9zdmciPjwvc3ZnPg==\" class=\"lazyload\" style=\"--smush-placeholder-width: 768px; --smush-placeholder-aspect-ratio: 768\/1024;\" \/>\r\n                    \r\n\t\t\t\t<\/li>\r\n\t\t\t\t<li>\r\n\t\t\t\t\t<img decoding=\"async\" data-src=\"https:\/\/www.eberle.at\/wp-content\/uploads\/2023\/01\/20221130_101554.jpg\" src=\"data:image\/svg+xml;base64,PHN2ZyB3aWR0aD0iMSIgaGVpZ2h0PSIxIiB4bWxucz0iaHR0cDovL3d3dy53My5vcmcvMjAwMC9zdmciPjwvc3ZnPg==\" class=\"lazyload\" style=\"--smush-placeholder-width: 1024px; --smush-placeholder-aspect-ratio: 1024\/768;\" \/>\r\n                    \r\n\t\t\t\t<\/li>\r\n\t\t\t\t<li>\r\n\t\t\t\t\t<img decoding=\"async\" data-src=\"https:\/\/www.eberle.at\/wp-content\/uploads\/2023\/01\/20221201_154111.jpg\" src=\"data:image\/svg+xml;base64,PHN2ZyB3aWR0aD0iMSIgaGVpZ2h0PSIxIiB4bWxucz0iaHR0cDovL3d3dy53My5vcmcvMjAwMC9zdmciPjwvc3ZnPg==\" class=\"lazyload\" style=\"--smush-placeholder-width: 768px; --smush-placeholder-aspect-ratio: 768\/1024;\" \/>\r\n                    \r\n\t\t\t\t<\/li>\r\n\t\t\t\t<li>\r\n\t\t\t\t\t<img decoding=\"async\" data-src=\"https:\/\/www.eberle.at\/wp-content\/uploads\/2023\/01\/20221201_154425.jpg\" src=\"data:image\/svg+xml;base64,PHN2ZyB3aWR0aD0iMSIgaGVpZ2h0PSIxIiB4bWxucz0iaHR0cDovL3d3dy53My5vcmcvMjAwMC9zdmciPjwvc3ZnPg==\" class=\"lazyload\" style=\"--smush-placeholder-width: 1024px; --smush-placeholder-aspect-ratio: 1024\/768;\" \/>\r\n                    \r\n\t\t\t\t<\/li>\r\n        <\/ul>\r\n        <\/div>[\/vc_column][vc_column width=&#8220;1\/2&#8243;]\r\n\t\t\t<div class=\"card\">\r\n\t\t\t\t<div class=\"s_richtext\">\r\n\t\t\t\t\t<p>Am 30. November \u2013 01. Dezember 2022 fand im Messequatier in Dornbirn die Tech.CON statt. Treffpunkt f\u00fcr Industrie-, Gewerbe- und Produktionsbetrieben in der Vier-L\u00e4nder-Region. Zwei Tage lang standen Fachkompetenz, Qualit\u00e4t der Produkte und die pers\u00f6nlichen Gespr\u00e4che im Fokus der BesucherInnen. Es war ein erfolgreicher Auftakt f\u00fcr das neue Messeformat Tech.CON 2022 in Dornbirn.<br \/>\nWir m\u00f6chten uns noch einmal ganz herzlich bei allen Besuchern auf unserem Messestand bedanken. Das Interesse an unseren Produkten und Leistungen hat uns sehr gefreut.<\/p>\n\r\n\t\t\t\t<\/div>\r\n\t\t\t<\/div>[\/vc_column][\/vc_row]<\/p>\n<\/div>","protected":false},"excerpt":{"rendered":"<p>Am 30. November und 1. Dezember 2022 waren wir auf der Tech.CON in Dornbirn<\/p>\n","protected":false},"author":10,"featured_media":12057,"comment_status":"closed","ping_status":"open","sticky":false,"template":"","format":"aside","meta":{"footnotes":""},"categories":[35],"tags":[],"class_list":["post-11649","post","type-post","status-publish","format-aside","has-post-thumbnail","hentry","category-veranstaltungen","post_format-post-format-aside"],"_links":{"self":[{"href":"https:\/\/www.eberle.at\/de\/wp-json\/wp\/v2\/posts\/11649","targetHints":{"allow":["GET"]}}],"collection":[{"href":"https:\/\/www.eberle.at\/de\/wp-json\/wp\/v2\/posts"}],"about":[{"href":"https:\/\/www.eberle.at\/de\/wp-json\/wp\/v2\/types\/post"}],"author":[{"embeddable":true,"href":"https:\/\/www.eberle.at\/de\/wp-json\/wp\/v2\/users\/10"}],"replies":[{"embeddable":true,"href":"https:\/\/www.eberle.at\/de\/wp-json\/wp\/v2\/comments?post=11649"}],"version-history":[{"count":6,"href":"https:\/\/www.eberle.at\/de\/wp-json\/wp\/v2\/posts\/11649\/revisions"}],"predecessor-version":[{"id":12061,"href":"https:\/\/www.eberle.at\/de\/wp-json\/wp\/v2\/posts\/11649\/revisions\/12061"}],"wp:featuredmedia":[{"embeddable":true,"href":"https:\/\/www.eberle.at\/de\/wp-json\/wp\/v2\/media\/12057"}],"wp:attachment":[{"href":"https:\/\/www.eberle.at\/de\/wp-json\/wp\/v2\/media?parent=11649"}],"wp:term":[{"taxonomy":"category","embeddable":true,"href":"https:\/\/www.eberle.at\/de\/wp-json\/wp\/v2\/categories?post=11649"},{"taxonomy":"post_tag","embeddable":true,"href":"https:\/\/www.eberle.at\/de\/wp-json\/wp\/v2\/tags?post=11649"}],"curies":[{"name":"wp","href":"https:\/\/api.w.org\/{rel}","templated":true}]}}