{"id":13514,"date":"2023-02-16T13:42:24","date_gmt":"2023-02-16T12:42:24","guid":{"rendered":"https:\/\/www.eberle.at\/aktuelles\/fhv-jobmesse-2023-2\/"},"modified":"2023-02-22T11:42:32","modified_gmt":"2023-02-22T10:42:32","slug":"jobmesse-htl-dornbirn-2023","status":"publish","type":"post","link":"https:\/\/www.eberle.at\/de\/aktuelles\/jobmesse-htl-dornbirn-2023\/","title":{"rendered":"Jobmesse HTL Dornbirn 2023"},"content":{"rendered":"<div class=\"wpb-content-wrapper\"><h1 class=\"seo-page-title\">Jobmesse HTL Dornbirn 2023<\/h1><p>[vc_row][vc_column width=&#8220;1\/3&#8243;]<div class=\"carousel\">\r\n        <ul class=\"carousel__items\">\r\n\t\t\t\t<li>\r\n\t\t\t\t\t<img decoding=\"async\" data-src=\"https:\/\/www.eberle.at\/wp-content\/uploads\/2023\/02\/1024_20230209_141134.jpg\" src=\"data:image\/svg+xml;base64,PHN2ZyB3aWR0aD0iMSIgaGVpZ2h0PSIxIiB4bWxucz0iaHR0cDovL3d3dy53My5vcmcvMjAwMC9zdmciPjwvc3ZnPg==\" class=\"lazyload\" style=\"--smush-placeholder-width: 1024px; --smush-placeholder-aspect-ratio: 1024\/576;\" \/>\r\n                    \r\n\t\t\t\t<\/li>\r\n\t\t\t\t<li>\r\n\t\t\t\t\t<img decoding=\"async\" data-src=\"https:\/\/www.eberle.at\/wp-content\/uploads\/2023\/02\/1024_20230209_130153.jpg\" src=\"data:image\/svg+xml;base64,PHN2ZyB3aWR0aD0iMSIgaGVpZ2h0PSIxIiB4bWxucz0iaHR0cDovL3d3dy53My5vcmcvMjAwMC9zdmciPjwvc3ZnPg==\" class=\"lazyload\" style=\"--smush-placeholder-width: 1024px; --smush-placeholder-aspect-ratio: 1024\/576;\" \/>\r\n                    \r\n\t\t\t\t<\/li>\r\n        <\/ul>\r\n        <\/div>[\/vc_column][vc_column width=&#8220;1\/3&#8243;]\r\n\t\t\t<div class=\"card\">\r\n\t\t\t\t<div class=\"s_richtext\">\r\n\t\t\t\t\t<p>Nach zwei Jahren Pause durften wir endlich wieder an der Jobmesse der HTL Dornbirn teilnehmen.<\/p>\n<p>F\u00fcr die Schule war es die bisher erfolgreichste Jobmesse mit 54 teilnehmenden Firmen. Auch wir waren mit dabei und durften interessante Gespr\u00e4che mit den Sch\u00fclerInnen f\u00fchren, bei denen die Nachfrage an Praktikumspl\u00e4tze erfreulich gro\u00df war.<\/p>\n<p>Ganz besonders in Erinnerung blieb den Sch\u00fclerInnen den Expert:Innenvortrag von Thomas Fink \u00fcber DL (Deep Learning) in der Bildverarbeitung.<\/p>\n<p>Wie immer war es eine sehr gelungene Veranstaltung.<\/p>\n\r\n\t\t\t\t<\/div>\r\n\t\t\t<\/div>[\/vc_column][vc_column width=&#8220;1\/3&#8243;][\/vc_column][\/vc_row]<\/p>\n<\/div>","protected":false},"excerpt":{"rendered":"<p>Nach zwei Jahren Pause durften wir am 09.02.2023 endlich wieder an der Jobmesse der HTL Dornbirn teilnehmen.<\/p>\n","protected":false},"author":10,"featured_media":13511,"comment_status":"closed","ping_status":"open","sticky":false,"template":"","format":"aside","meta":{"footnotes":""},"categories":[35],"tags":[],"class_list":["post-13514","post","type-post","status-publish","format-aside","has-post-thumbnail","hentry","category-veranstaltungen","post_format-post-format-aside"],"_links":{"self":[{"href":"https:\/\/www.eberle.at\/de\/wp-json\/wp\/v2\/posts\/13514","targetHints":{"allow":["GET"]}}],"collection":[{"href":"https:\/\/www.eberle.at\/de\/wp-json\/wp\/v2\/posts"}],"about":[{"href":"https:\/\/www.eberle.at\/de\/wp-json\/wp\/v2\/types\/post"}],"author":[{"embeddable":true,"href":"https:\/\/www.eberle.at\/de\/wp-json\/wp\/v2\/users\/10"}],"replies":[{"embeddable":true,"href":"https:\/\/www.eberle.at\/de\/wp-json\/wp\/v2\/comments?post=13514"}],"version-history":[{"count":4,"href":"https:\/\/www.eberle.at\/de\/wp-json\/wp\/v2\/posts\/13514\/revisions"}],"predecessor-version":[{"id":13619,"href":"https:\/\/www.eberle.at\/de\/wp-json\/wp\/v2\/posts\/13514\/revisions\/13619"}],"wp:featuredmedia":[{"embeddable":true,"href":"https:\/\/www.eberle.at\/de\/wp-json\/wp\/v2\/media\/13511"}],"wp:attachment":[{"href":"https:\/\/www.eberle.at\/de\/wp-json\/wp\/v2\/media?parent=13514"}],"wp:term":[{"taxonomy":"category","embeddable":true,"href":"https:\/\/www.eberle.at\/de\/wp-json\/wp\/v2\/categories?post=13514"},{"taxonomy":"post_tag","embeddable":true,"href":"https:\/\/www.eberle.at\/de\/wp-json\/wp\/v2\/tags?post=13514"}],"curies":[{"name":"wp","href":"https:\/\/api.w.org\/{rel}","templated":true}]}}