{"id":17269,"date":"2024-10-09T12:29:55","date_gmt":"2024-10-09T11:29:55","guid":{"rendered":"https:\/\/www.eberle.at\/aktuelles\/sommerfest-bei-der-firma-eberle-2024-2\/"},"modified":"2026-02-24T07:25:35","modified_gmt":"2026-02-24T06:25:35","slug":"aktivitaet-gemeinde-raggal","status":"publish","type":"post","link":"https:\/\/www.eberle.at\/de\/aktuelles\/aktivitaet-gemeinde-raggal\/","title":{"rendered":"Aktivit\u00e4t Gemeinde Raggal"},"content":{"rendered":"<div class=\"wpb-content-wrapper\"><h1 class=\"seo-page-title\">Aktivit\u00e4t Gemeinde Raggal<\/h1><p>[vc_row][vc_column width=&#8220;1\/3&#8243;]<div class=\"carousel\">\r\n        <ul class=\"carousel__items\">\r\n\t\t\t\t<li>\r\n\t\t\t\t\t<img decoding=\"async\" data-src=\"https:\/\/www.eberle.at\/wp-content\/uploads\/2024\/10\/1024_1024_20241005_150611.jpg\" src=\"data:image\/svg+xml;base64,PHN2ZyB3aWR0aD0iMSIgaGVpZ2h0PSIxIiB4bWxucz0iaHR0cDovL3d3dy53My5vcmcvMjAwMC9zdmciPjwvc3ZnPg==\" class=\"lazyload\" style=\"--smush-placeholder-width: 1024px; --smush-placeholder-aspect-ratio: 1024\/1024;\" \/>\r\n                    \r\n\t\t\t\t<\/li>\r\n\t\t\t\t<li>\r\n\t\t\t\t\t<img decoding=\"async\" data-src=\"https:\/\/www.eberle.at\/wp-content\/uploads\/2024\/10\/1024_1024_20241005_155859-1.jpg\" src=\"data:image\/svg+xml;base64,PHN2ZyB3aWR0aD0iMSIgaGVpZ2h0PSIxIiB4bWxucz0iaHR0cDovL3d3dy53My5vcmcvMjAwMC9zdmciPjwvc3ZnPg==\" class=\"lazyload\" style=\"--smush-placeholder-width: 1024px; --smush-placeholder-aspect-ratio: 1024\/1024;\" \/>\r\n                    \r\n\t\t\t\t<\/li>\r\n\t\t\t\t<li>\r\n\t\t\t\t\t<img decoding=\"async\" data-src=\"https:\/\/www.eberle.at\/wp-content\/uploads\/2024\/10\/1024_1024_20241005_162016.jpg\" src=\"data:image\/svg+xml;base64,PHN2ZyB3aWR0aD0iMSIgaGVpZ2h0PSIxIiB4bWxucz0iaHR0cDovL3d3dy53My5vcmcvMjAwMC9zdmciPjwvc3ZnPg==\" class=\"lazyload\" style=\"--smush-placeholder-width: 1024px; --smush-placeholder-aspect-ratio: 1024\/1024;\" \/>\r\n                    \r\n\t\t\t\t<\/li>\r\n\t\t\t\t<li>\r\n\t\t\t\t\t<img decoding=\"async\" data-src=\"https:\/\/www.eberle.at\/wp-content\/uploads\/2024\/10\/1024_1024_20241005_165255.jpg\" src=\"data:image\/svg+xml;base64,PHN2ZyB3aWR0aD0iMSIgaGVpZ2h0PSIxIiB4bWxucz0iaHR0cDovL3d3dy53My5vcmcvMjAwMC9zdmciPjwvc3ZnPg==\" class=\"lazyload\" style=\"--smush-placeholder-width: 1024px; --smush-placeholder-aspect-ratio: 1024\/1024;\" \/>\r\n                    \r\n\t\t\t\t<\/li>\r\n\t\t\t\t<li>\r\n\t\t\t\t\t<img decoding=\"async\" data-src=\"https:\/\/www.eberle.at\/wp-content\/uploads\/2024\/10\/1024_1024_20241005_162144.jpg\" src=\"data:image\/svg+xml;base64,PHN2ZyB3aWR0aD0iMSIgaGVpZ2h0PSIxIiB4bWxucz0iaHR0cDovL3d3dy53My5vcmcvMjAwMC9zdmciPjwvc3ZnPg==\" class=\"lazyload\" style=\"--smush-placeholder-width: 1024px; --smush-placeholder-aspect-ratio: 1024\/1024;\" \/>\r\n                    \r\n\t\t\t\t<\/li>\r\n\t\t\t\t<li>\r\n\t\t\t\t\t<img decoding=\"async\" data-src=\"https:\/\/www.eberle.at\/wp-content\/uploads\/2024\/10\/1024_1024_20241005_182710.jpg\" src=\"data:image\/svg+xml;base64,PHN2ZyB3aWR0aD0iMSIgaGVpZ2h0PSIxIiB4bWxucz0iaHR0cDovL3d3dy53My5vcmcvMjAwMC9zdmciPjwvc3ZnPg==\" class=\"lazyload\" style=\"--smush-placeholder-width: 1024px; --smush-placeholder-aspect-ratio: 1024\/1024;\" \/>\r\n                    \r\n\t\t\t\t<\/li>\r\n\t\t\t\t<li>\r\n\t\t\t\t\t<img decoding=\"async\" data-src=\"https:\/\/www.eberle.at\/wp-content\/uploads\/2024\/10\/1024_1024_20241005_185800.jpg\" src=\"data:image\/svg+xml;base64,PHN2ZyB3aWR0aD0iMSIgaGVpZ2h0PSIxIiB4bWxucz0iaHR0cDovL3d3dy53My5vcmcvMjAwMC9zdmciPjwvc3ZnPg==\" class=\"lazyload\" style=\"--smush-placeholder-width: 1024px; --smush-placeholder-aspect-ratio: 1024\/1024;\" \/>\r\n                    \r\n\t\t\t\t<\/li>\r\n        <\/ul>\r\n        <\/div>[\/vc_column][vc_column width=&#8220;1\/3&#8243;]\r\n\t\t\t<div class=\"card\">\r\n\t\t\t\t<div class=\"s_richtext\">\r\n\t\t\t\t\t<h4><strong>Hirschbrunft Marul<\/strong><\/h4>\n<p>&nbsp;<\/p>\n<p>Arbeit und Vergn\u00fcgen \u2013 alles zu seiner Zeit!<\/p>\n<p>Erstens haben wir genug. Damit auch das Zweite nicht zu kurz kommt, wollen wir alle 96 Gemeinden Vorarlbergs erkunden.<\/p>\n<p>&nbsp;<\/p>\n<p>Am Samstag, den 05.10.2024, machten wir uns gegen 15:00 Uhr auf den Weg nach Marul, Raggal, um an einer Exkursion anl\u00e4sslich der Hirschbrunft im Marultal teilzunehmen. Der Jagdbetrieb <a href=\"https:\/\/www.waldundwild.at\/\" target=\"_blank\" rel=\"noopener\">\u201eGemmingen &#8211; Wald und Wild\u201c<\/a> hie\u00df uns herzlich willkommen.<\/p>\n<p>Das Programm bot spannende Einblicke in das Brunftverhalten der Hirsche und den lokalen Jagdbetrieb. Die Teilnehmer wurden in verschiedene Gruppen aufgeteilt, um mehr \u00fcber die Aufgaben eines J\u00e4gers, den Lebensraum der Wildtiere, die Unterst\u00fctzung durch Jagdhunde und die Rolle der Frauen in der J\u00e4gerschaft zu erfahren.<\/p>\n<p>Besonders faszinierend war die M\u00f6glichkeit, die majest\u00e4tischen Tiere in ihrer nat\u00fcrlichen Umgebung zu beobachten. Die Brunftzeit ist gepr\u00e4gt von beeindruckenden Laut\u00e4u\u00dferungen, spektakul\u00e4ren K\u00e4mpfen und dem Werben der Hirsche um die Gunst der Weibchen. Diese Erlebnisse verdeutlichten die Sch\u00f6nheit und Vielfalt der Natur.<\/p>\n<p>Zum Ausklang wurden wir direkt in der Jagdh\u00fctte mit frischen Hirschburgern und Getr\u00e4nken verw\u00f6hnt. Trotz des regnerischen Wetters, niedrigen Temperaturen und kalten Luftz\u00fcgen hatten wir viel Freude, diesen Tag gemeinsam verbringen zu k\u00f6nnen.<\/p>\n\r\n\t\t\t\t<\/div>\r\n\t\t\t<\/div>[\/vc_column][vc_column width=&#8220;1\/3&#8243;][\/vc_column][\/vc_row]<\/p>\n<\/div>","protected":false},"excerpt":{"rendered":"<p>Arbeit und Vergn\u00fcgen \u2013 alles zu seiner Zeit!<\/p>\n<p>Erstens haben wir genug. Damit auch das Zweite nicht zu kurz kommt, wollen wir alle 96 Gemeinden Vorarlbergs erkunden.<\/p>\n<p>Am Samstag, den 05.10.2024, machten wir uns gegen 15:00 Uhr auf den Weg nach Marul, Raggal, um an einer Exkursion anl\u00e4sslich der Hirschbrunft im Marultal teilzunehmen. Der Jagdbetrieb \u201eGemmingen &#8211; Wald und Wild\u201c hie\u00df uns herzlich willkommen.<\/p>\n","protected":false},"author":10,"featured_media":18436,"comment_status":"closed","ping_status":"open","sticky":false,"template":"","format":"aside","meta":{"footnotes":""},"categories":[36],"tags":[],"class_list":["post-17269","post","type-post","status-publish","format-aside","has-post-thumbnail","hentry","category-aktivitaeten","post_format-post-format-aside"],"_links":{"self":[{"href":"https:\/\/www.eberle.at\/de\/wp-json\/wp\/v2\/posts\/17269","targetHints":{"allow":["GET"]}}],"collection":[{"href":"https:\/\/www.eberle.at\/de\/wp-json\/wp\/v2\/posts"}],"about":[{"href":"https:\/\/www.eberle.at\/de\/wp-json\/wp\/v2\/types\/post"}],"author":[{"embeddable":true,"href":"https:\/\/www.eberle.at\/de\/wp-json\/wp\/v2\/users\/10"}],"replies":[{"embeddable":true,"href":"https:\/\/www.eberle.at\/de\/wp-json\/wp\/v2\/comments?post=17269"}],"version-history":[{"count":9,"href":"https:\/\/www.eberle.at\/de\/wp-json\/wp\/v2\/posts\/17269\/revisions"}],"predecessor-version":[{"id":17306,"href":"https:\/\/www.eberle.at\/de\/wp-json\/wp\/v2\/posts\/17269\/revisions\/17306"}],"wp:featuredmedia":[{"embeddable":true,"href":"https:\/\/www.eberle.at\/de\/wp-json\/wp\/v2\/media\/18436"}],"wp:attachment":[{"href":"https:\/\/www.eberle.at\/de\/wp-json\/wp\/v2\/media?parent=17269"}],"wp:term":[{"taxonomy":"category","embeddable":true,"href":"https:\/\/www.eberle.at\/de\/wp-json\/wp\/v2\/categories?post=17269"},{"taxonomy":"post_tag","embeddable":true,"href":"https:\/\/www.eberle.at\/de\/wp-json\/wp\/v2\/tags?post=17269"}],"curies":[{"name":"wp","href":"https:\/\/api.w.org\/{rel}","templated":true}]}}