{"id":18547,"date":"2026-03-14T11:08:21","date_gmt":"2026-03-14T10:08:21","guid":{"rendered":"https:\/\/www.eberle.at\/aktuelles\/cheeseaffair-02-03-februar-2026-2\/"},"modified":"2026-03-12T11:17:30","modified_gmt":"2026-03-12T10:17:30","slug":"all-about-automation-friedrichshafen-10-11-maerz-2026-2","status":"publish","type":"post","link":"https:\/\/www.eberle.at\/de\/aktuelles\/all-about-automation-friedrichshafen-10-11-maerz-2026-2\/","title":{"rendered":"all about automation Friedrichshafen 10. \u2013 11. M\u00e4rz 2026"},"content":{"rendered":"<div class=\"wpb-content-wrapper\"><h1 class=\"seo-page-title\">all about automation Friedrichshafen 10. \u2013 11. M\u00e4rz 2026<\/h1><p>[vc_row][vc_column width=&#8220;1\/3&#8243;]<div class=\"carousel\">\r\n        <ul class=\"carousel__items\">\r\n\t\t\t\t<li>\r\n\t\t\t\t\t<img decoding=\"async\" data-src=\"https:\/\/www.eberle.at\/wp-content\/uploads\/2026\/03\/Bild-3.jpg\" src=\"data:image\/svg+xml;base64,PHN2ZyB3aWR0aD0iMSIgaGVpZ2h0PSIxIiB4bWxucz0iaHR0cDovL3d3dy53My5vcmcvMjAwMC9zdmciPjwvc3ZnPg==\" class=\"lazyload\" style=\"--smush-placeholder-width: 1024px; --smush-placeholder-aspect-ratio: 1024\/1024;\" \/>\r\n                    \r\n\t\t\t\t<\/li>\r\n\t\t\t\t<li>\r\n\t\t\t\t\t<img decoding=\"async\" data-src=\"https:\/\/www.eberle.at\/wp-content\/uploads\/2026\/03\/shared-image-1.jpg\" src=\"data:image\/svg+xml;base64,PHN2ZyB3aWR0aD0iMSIgaGVpZ2h0PSIxIiB4bWxucz0iaHR0cDovL3d3dy53My5vcmcvMjAwMC9zdmciPjwvc3ZnPg==\" class=\"lazyload\" style=\"--smush-placeholder-width: 1024px; --smush-placeholder-aspect-ratio: 1024\/1024;\" \/>\r\n                    \r\n\t\t\t\t<\/li>\r\n\t\t\t\t<li>\r\n\t\t\t\t\t<img decoding=\"async\" data-src=\"https:\/\/www.eberle.at\/wp-content\/uploads\/2026\/03\/shared-image-2.jpg\" src=\"data:image\/svg+xml;base64,PHN2ZyB3aWR0aD0iMSIgaGVpZ2h0PSIxIiB4bWxucz0iaHR0cDovL3d3dy53My5vcmcvMjAwMC9zdmciPjwvc3ZnPg==\" class=\"lazyload\" style=\"--smush-placeholder-width: 1024px; --smush-placeholder-aspect-ratio: 1024\/1024;\" \/>\r\n                    \r\n\t\t\t\t<\/li>\r\n\t\t\t\t<li>\r\n\t\t\t\t\t<img decoding=\"async\" data-src=\"https:\/\/www.eberle.at\/wp-content\/uploads\/2026\/03\/shared-image.jpg\" src=\"data:image\/svg+xml;base64,PHN2ZyB3aWR0aD0iMSIgaGVpZ2h0PSIxIiB4bWxucz0iaHR0cDovL3d3dy53My5vcmcvMjAwMC9zdmciPjwvc3ZnPg==\" class=\"lazyload\" style=\"--smush-placeholder-width: 1024px; --smush-placeholder-aspect-ratio: 1024\/1024;\" \/>\r\n                    \r\n\t\t\t\t<\/li>\r\n        <\/ul>\r\n        <\/div>[\/vc_column][vc_column width=&#8220;1\/3&#8243;]\r\n\t\t\t<div class=\"card\">\r\n\t\t\t\t<div class=\"s_richtext\">\r\n\t\t\t\t\t<p>Ein gro\u00dfes Dankesch\u00f6n an alle Besucherinnen und Besucher der <strong>all about automation<\/strong>!<\/p>\n<p>Die letzten Tage waren f\u00fcr uns voller spannender Gespr\u00e4che, neuer Kontakte und inspirierender Einblicke in die Welt der Automation. Es hat uns sehr gefreut, so viele interessierte Menschen an unserem Stand begr\u00fc\u00dfen zu d\u00fcrfen.<\/p>\n<p>Der pers\u00f6nliche Austausch, eure Fragen und die vielen Ideen zeigen einmal mehr, wie dynamisch und innovativ unsere Branche ist. Genau solche Begegnungen machen Messen wie diese so wertvoll.<\/p>\n<p>Vielen Dank f\u00fcr euren Besuch, die interessanten Gespr\u00e4che und das gro\u00dfe Interesse an unseren L\u00f6sungen.<br \/>\nWir freuen uns darauf, den Austausch fortzusetzen \u2013 und vielleicht schon bald gemeinsam neue Projekte umzusetzen.<\/p>\n<p>Unsere L\u00f6sungen stehen Ihnen auch nach der Messe zur Verf\u00fcgung. Informieren Sie sie einfach\u00a0und kontaktieren Sie uns!<\/p>\n\r\n\t\t\t\t<\/div>\r\n\t\t\t<\/div>[\/vc_column][vc_column width=&#8220;1\/3&#8243;][\/vc_column][\/vc_row]<\/p>\n<\/div>","protected":false},"excerpt":{"rendered":"<p>Ein gro\u00dfes Dankesch\u00f6n an alle Besucherinnen und Besucher der all about automation!<br \/>\nDie letzten Tage waren f\u00fcr uns voller spannender Gespr\u00e4che, neuer Kontakte und inspirierender Einblicke in die Welt der Automation. <\/p>\n","protected":false},"author":10,"featured_media":18559,"comment_status":"closed","ping_status":"open","sticky":false,"template":"","format":"aside","meta":{"footnotes":""},"categories":[35],"tags":[],"class_list":["post-18547","post","type-post","status-publish","format-aside","has-post-thumbnail","hentry","category-veranstaltungen","post_format-post-format-aside"],"_links":{"self":[{"href":"https:\/\/www.eberle.at\/de\/wp-json\/wp\/v2\/posts\/18547","targetHints":{"allow":["GET"]}}],"collection":[{"href":"https:\/\/www.eberle.at\/de\/wp-json\/wp\/v2\/posts"}],"about":[{"href":"https:\/\/www.eberle.at\/de\/wp-json\/wp\/v2\/types\/post"}],"author":[{"embeddable":true,"href":"https:\/\/www.eberle.at\/de\/wp-json\/wp\/v2\/users\/10"}],"replies":[{"embeddable":true,"href":"https:\/\/www.eberle.at\/de\/wp-json\/wp\/v2\/comments?post=18547"}],"version-history":[{"count":2,"href":"https:\/\/www.eberle.at\/de\/wp-json\/wp\/v2\/posts\/18547\/revisions"}],"predecessor-version":[{"id":18561,"href":"https:\/\/www.eberle.at\/de\/wp-json\/wp\/v2\/posts\/18547\/revisions\/18561"}],"wp:featuredmedia":[{"embeddable":true,"href":"https:\/\/www.eberle.at\/de\/wp-json\/wp\/v2\/media\/18559"}],"wp:attachment":[{"href":"https:\/\/www.eberle.at\/de\/wp-json\/wp\/v2\/media?parent=18547"}],"wp:term":[{"taxonomy":"category","embeddable":true,"href":"https:\/\/www.eberle.at\/de\/wp-json\/wp\/v2\/categories?post=18547"},{"taxonomy":"post_tag","embeddable":true,"href":"https:\/\/www.eberle.at\/de\/wp-json\/wp\/v2\/tags?post=18547"}],"curies":[{"name":"wp","href":"https:\/\/api.w.org\/{rel}","templated":true}]}}