{"id":18910,"date":"2026-09-03T11:08:22","date_gmt":"2026-09-03T10:08:22","guid":{"rendered":"https:\/\/www.eberle.at\/aktuelles\/lange-nacht-der-forschung-24-april-2026-2-2\/"},"modified":"2026-09-03T11:25:44","modified_gmt":"2026-09-03T10:25:44","slug":"tech-con-2026","status":"publish","type":"post","link":"https:\/\/www.eberle.at\/de\/aktuelles\/tech-con-2026\/","title":{"rendered":"TECH.CON 2026"},"content":{"rendered":"<div class=\"wpb-content-wrapper\"><h1 class=\"seo-page-title\">TECH.CON 2026<\/h1><p>[vc_row][vc_column width=&#8220;1\/2&#8243;]<div class=\"carousel\">\r\n        <ul class=\"carousel__items\">\r\n\t\t\t\t<li>\r\n\t\t\t\t\t<img decoding=\"async\" data-src=\"https:\/\/www.eberle.at\/wp-content\/uploads\/2026\/09\/Messe_Techcon_2026.png\" src=\"data:image\/svg+xml;base64,PHN2ZyB3aWR0aD0iMSIgaGVpZ2h0PSIxIiB4bWxucz0iaHR0cDovL3d3dy53My5vcmcvMjAwMC9zdmciPjwvc3ZnPg==\" class=\"lazyload\" style=\"--smush-placeholder-width: 1222px; --smush-placeholder-aspect-ratio: 1222\/1268;\" \/>\r\n                    \r\n\t\t\t\t<\/li>\r\n        <\/ul>\r\n        <\/div>[\/vc_column][vc_column width=&#8220;1\/2&#8243;]\r\n\t\t\t<div class=\"card\">\r\n\t\t\t\t<div class=\"s_richtext\">\r\n\t\t\t\t\t<h2>Erleben Sie unsere Entwicklungen live auf der TECH.CON<\/h2>\n<p>Variantenvielfalt, kurze Lieferzeiten, Kostendruck &#8211; Mit diesen Herausforderungen kommen produzierende Unternehmen zu uns. Und wir als Automatisierungsspezialisten sp\u00fcren, dass die klassische Automatisierung zunehmend an ihre Grenzen st\u00f6\u00dft.<\/p>\n<p>Klassisch automatisieren wir seit 30 Jahren! Was es jetzt braucht, sind neue Methoden: Modelle, Mathematik und KI.<\/p>\n<p>Unsere Software verbindet die physische Welt der Maschinen mit der digitalen Welt der KI. <strong>Physical AI <\/strong>wird zum T\u00fcr\u00f6ffner um Produktionen vielf\u00e4ltiger, schneller und wirtschaftlicher zu machen.<\/p>\n<p>Besuchen Sie uns auf der TECH.CON vom <strong>23. bis 24. September 2026<\/strong> am <strong>Stand 1-21<\/strong> in der <strong>Halle 11<\/strong><\/p>\n<p>Wir freuen uns auf Ihren Besuch.<\/p>\n<p>Das Team von <strong>Eberle Automatische Systeme<\/strong>\u00a0gemeinsam mit <strong><a href=\"https:\/\/www.kuka.com\/de-at\" target=\"_blank\" rel=\"noopener\">KUKA<\/a> \u00b7 AETOS \u00b7 <a href=\"https:\/\/www.digifai.com\/de\/\" target=\"_blank\" rel=\"noopener\">digifai<\/a> \u00b7 <a href=\"https:\/\/mbm.at\/de\/\" target=\"_blank\" rel=\"noopener\">mbm<\/a><\/strong><\/p>\n<p>&nbsp;<\/p>\n<p><a href=\"https:\/\/techcon.messedornbirn.at\/\" target=\"_blank\" rel=\"noopener\">TECH.CON I Die Fachmesse f\u00fcr Automatisierung<\/a><\/p>\n\r\n\t\t\t\t<\/div>\r\n\t\t\t<\/div>[\/vc_column][\/vc_row]<\/p>\n<\/div>","protected":false},"excerpt":{"rendered":"<p>Besuchen Sie uns auf der TECH.CON vom 23. bis 24. September 2026 am Stand 1-21 in der Halle 11<\/p>\n","protected":false},"author":10,"featured_media":18916,"comment_status":"closed","ping_status":"open","sticky":false,"template":"","format":"aside","meta":{"footnotes":""},"categories":[35],"tags":[],"class_list":["post-18910","post","type-post","status-publish","format-aside","has-post-thumbnail","hentry","category-veranstaltungen","post_format-post-format-aside"],"_links":{"self":[{"href":"https:\/\/www.eberle.at\/de\/wp-json\/wp\/v2\/posts\/18910","targetHints":{"allow":["GET"]}}],"collection":[{"href":"https:\/\/www.eberle.at\/de\/wp-json\/wp\/v2\/posts"}],"about":[{"href":"https:\/\/www.eberle.at\/de\/wp-json\/wp\/v2\/types\/post"}],"author":[{"embeddable":true,"href":"https:\/\/www.eberle.at\/de\/wp-json\/wp\/v2\/users\/10"}],"replies":[{"embeddable":true,"href":"https:\/\/www.eberle.at\/de\/wp-json\/wp\/v2\/comments?post=18910"}],"version-history":[{"count":3,"href":"https:\/\/www.eberle.at\/de\/wp-json\/wp\/v2\/posts\/18910\/revisions"}],"predecessor-version":[{"id":18918,"href":"https:\/\/www.eberle.at\/de\/wp-json\/wp\/v2\/posts\/18910\/revisions\/18918"}],"wp:featuredmedia":[{"embeddable":true,"href":"https:\/\/www.eberle.at\/de\/wp-json\/wp\/v2\/media\/18916"}],"wp:attachment":[{"href":"https:\/\/www.eberle.at\/de\/wp-json\/wp\/v2\/media?parent=18910"}],"wp:term":[{"taxonomy":"category","embeddable":true,"href":"https:\/\/www.eberle.at\/de\/wp-json\/wp\/v2\/categories?post=18910"},{"taxonomy":"post_tag","embeddable":true,"href":"https:\/\/www.eberle.at\/de\/wp-json\/wp\/v2\/tags?post=18910"}],"curies":[{"name":"wp","href":"https:\/\/api.w.org\/{rel}","templated":true}]}}