{"id":4663,"date":"2018-04-10T15:12:08","date_gmt":"2018-04-10T14:12:08","guid":{"rendered":"https:\/\/www.eberle.at\/?p=4663"},"modified":"2019-03-27T18:00:45","modified_gmt":"2019-03-27T17:00:45","slug":"themenworkshop-intelligente-systeme-10-04-2018","status":"publish","type":"post","link":"https:\/\/www.eberle.at\/de\/aktuelles\/themenworkshop-intelligente-systeme-10-04-2018\/","title":{"rendered":"Themenworkshop Intelligente Systeme"},"content":{"rendered":"<div class=\"wpb-content-wrapper\"><h1 class=\"seo-page-title\">Themenworkshop Intelligente Systeme<\/h1><p>[vc_row][vc_column width=&#8220;1\/3&#8243;]<div class=\"carousel\">\r\n        <ul class=\"carousel__items\">\r\n\t\t\t\t<li>\r\n\t\t\t\t\t<img decoding=\"async\" data-src=\"https:\/\/www.eberle.at\/wp-content\/uploads\/2018\/04\/1024_1024_Themenworkshop09.jpg\" src=\"data:image\/svg+xml;base64,PHN2ZyB3aWR0aD0iMSIgaGVpZ2h0PSIxIiB4bWxucz0iaHR0cDovL3d3dy53My5vcmcvMjAwMC9zdmciPjwvc3ZnPg==\" class=\"lazyload\" style=\"--smush-placeholder-width: 1024px; --smush-placeholder-aspect-ratio: 1024\/1024;\" \/>\r\n                    \r\n\t\t\t\t<\/li>\r\n\t\t\t\t<li>\r\n\t\t\t\t\t<img decoding=\"async\" data-src=\"https:\/\/www.eberle.at\/wp-content\/uploads\/2018\/04\/1024_1024_Themenworkshop07.jpg\" src=\"data:image\/svg+xml;base64,PHN2ZyB3aWR0aD0iMSIgaGVpZ2h0PSIxIiB4bWxucz0iaHR0cDovL3d3dy53My5vcmcvMjAwMC9zdmciPjwvc3ZnPg==\" class=\"lazyload\" style=\"--smush-placeholder-width: 1024px; --smush-placeholder-aspect-ratio: 1024\/1024;\" \/>\r\n                    \r\n\t\t\t\t<\/li>\r\n\t\t\t\t<li>\r\n\t\t\t\t\t<img decoding=\"async\" data-src=\"https:\/\/www.eberle.at\/wp-content\/uploads\/2018\/04\/1024_1024_Themenworkshop08.jpg\" src=\"data:image\/svg+xml;base64,PHN2ZyB3aWR0aD0iMSIgaGVpZ2h0PSIxIiB4bWxucz0iaHR0cDovL3d3dy53My5vcmcvMjAwMC9zdmciPjwvc3ZnPg==\" class=\"lazyload\" style=\"--smush-placeholder-width: 1024px; --smush-placeholder-aspect-ratio: 1024\/1024;\" \/>\r\n                    \r\n\t\t\t\t<\/li>\r\n\t\t\t\t<li>\r\n\t\t\t\t\t<img decoding=\"async\" data-src=\"https:\/\/www.eberle.at\/wp-content\/uploads\/2018\/04\/1024_1024_Themenworkshop04.jpg\" src=\"data:image\/svg+xml;base64,PHN2ZyB3aWR0aD0iMSIgaGVpZ2h0PSIxIiB4bWxucz0iaHR0cDovL3d3dy53My5vcmcvMjAwMC9zdmciPjwvc3ZnPg==\" class=\"lazyload\" style=\"--smush-placeholder-width: 1024px; --smush-placeholder-aspect-ratio: 1024\/1024;\" \/>\r\n                    \r\n\t\t\t\t<\/li>\r\n\t\t\t\t<li>\r\n\t\t\t\t\t<img decoding=\"async\" data-src=\"https:\/\/www.eberle.at\/wp-content\/uploads\/2018\/04\/1024_1024_Themenworkshop01.jpg\" src=\"data:image\/svg+xml;base64,PHN2ZyB3aWR0aD0iMSIgaGVpZ2h0PSIxIiB4bWxucz0iaHR0cDovL3d3dy53My5vcmcvMjAwMC9zdmciPjwvc3ZnPg==\" class=\"lazyload\" style=\"--smush-placeholder-width: 1024px; --smush-placeholder-aspect-ratio: 1024\/1024;\" \/>\r\n                    \r\n\t\t\t\t<\/li>\r\n\t\t\t\t<li>\r\n\t\t\t\t\t<img decoding=\"async\" data-src=\"https:\/\/www.eberle.at\/wp-content\/uploads\/2018\/04\/1024_1024_Themenworkshop03.jpg\" src=\"data:image\/svg+xml;base64,PHN2ZyB3aWR0aD0iMSIgaGVpZ2h0PSIxIiB4bWxucz0iaHR0cDovL3d3dy53My5vcmcvMjAwMC9zdmciPjwvc3ZnPg==\" class=\"lazyload\" style=\"--smush-placeholder-width: 1024px; --smush-placeholder-aspect-ratio: 1024\/1024;\" \/>\r\n                    \r\n\t\t\t\t<\/li>\r\n        <\/ul>\r\n        <\/div>[\/vc_column][vc_column width=&#8220;1\/3&#8243;]\r\n\t\t\t<div class=\"card\">\r\n\t\t\t\t<div class=\"s_richtext\">\r\n\t\t\t\t\t<p>Eberle war Gastgeber des 6. Themenworkshops der <a href=\"https:\/\/www.wisto.at\/de\/intelligenteproduktion\"><strong>Initiative V-Netzwerk Intelligente Produktion<\/strong><\/a>.<\/p>\n<p>Zum Thema <strong>Intelligente Systeme<\/strong> referierten Prof. Dr. Roland Siegwart und DI Michael Eberle \u00fcber die Entwicklungen und Trends in Robotik und Maschinenbau und gaben Einblicke in die neuesten Entwicklungen aus Wissenschaft und Praxis.<\/p>\n<p>Im Fachvortrag <strong>Roboter verlassen die Produktionshallen <\/strong>pr\u00e4sentierte Prof. Dr.\u00a0 Siegwart aktuelle Forschungsthemen und Herausforderungen in der Mobilrobotik. Der Direktor des Autonomous Systems Lab &amp; Wyss Z\u00fcrich veranschaulichte anhand aktueller Beispiele, wie die k\u00fcnstliche Intelligenz in der Robotikforschung vermehrt Einzug h\u00e4lt und neue Anwendungsfelder erm\u00f6glicht.<\/p>\n<p>Anschlie\u00dfend zeigte Michael Eberle, Spezialist f\u00fcr Modellierung und Simulation bei Eberle Automatische Systeme, im Vortrag <strong>Maschinen werden intelligent \u2013 Use-Cases von innovativen Industrieanwendungen<\/strong> die M\u00f6glichkeiten und derzeitigen Grenzen der kollaborativen Robotik, autonomen Transportroboter und k\u00fcnstlichen Intelligenz im Praxisbezug auf.<\/p>\n<p>Eberle Automatische Systeme gestaltet die Zukunft solcher hochtechnologischer Anwendungen mit und pr\u00e4sentierte aktuelle F&amp;E-Projekte in Live-Vorf\u00fchrungen.<\/p>\n<p>Networking und Ausklang beim Buffet rundeten diese h\u00f6chst interessante Veranstaltung ab.<\/p>\n\r\n\t\t\t\t<\/div>\r\n\t\t\t<\/div>[\/vc_column][vc_column width=&#8220;1\/3&#8243;][vc_single_image image=&#8220;3111&#8243; img_size=&#8220;full&#8220;][\/vc_column][\/vc_row]<\/p>\n<\/div>","protected":false},"excerpt":{"rendered":"<p>&#8222;Entwicklungen und Trends in Robotik und Maschinenbau&#8220; &#8211; der 6. Themenworkshop der Initiative V-Netzwerk Intelligente Produktion gab Einblicke in die neuesten Entwicklungen aus Wissenschaft und Praxis.<\/p>\n","protected":false},"author":1,"featured_media":3120,"comment_status":"closed","ping_status":"open","sticky":false,"template":"","format":"aside","meta":{"footnotes":""},"categories":[35],"tags":[],"class_list":["post-4663","post","type-post","status-publish","format-aside","has-post-thumbnail","hentry","category-veranstaltungen","post_format-post-format-aside"],"_links":{"self":[{"href":"https:\/\/www.eberle.at\/de\/wp-json\/wp\/v2\/posts\/4663","targetHints":{"allow":["GET"]}}],"collection":[{"href":"https:\/\/www.eberle.at\/de\/wp-json\/wp\/v2\/posts"}],"about":[{"href":"https:\/\/www.eberle.at\/de\/wp-json\/wp\/v2\/types\/post"}],"author":[{"embeddable":true,"href":"https:\/\/www.eberle.at\/de\/wp-json\/wp\/v2\/users\/1"}],"replies":[{"embeddable":true,"href":"https:\/\/www.eberle.at\/de\/wp-json\/wp\/v2\/comments?post=4663"}],"version-history":[{"count":8,"href":"https:\/\/www.eberle.at\/de\/wp-json\/wp\/v2\/posts\/4663\/revisions"}],"predecessor-version":[{"id":4832,"href":"https:\/\/www.eberle.at\/de\/wp-json\/wp\/v2\/posts\/4663\/revisions\/4832"}],"wp:featuredmedia":[{"embeddable":true,"href":"https:\/\/www.eberle.at\/de\/wp-json\/wp\/v2\/media\/3120"}],"wp:attachment":[{"href":"https:\/\/www.eberle.at\/de\/wp-json\/wp\/v2\/media?parent=4663"}],"wp:term":[{"taxonomy":"category","embeddable":true,"href":"https:\/\/www.eberle.at\/de\/wp-json\/wp\/v2\/categories?post=4663"},{"taxonomy":"post_tag","embeddable":true,"href":"https:\/\/www.eberle.at\/de\/wp-json\/wp\/v2\/tags?post=4663"}],"curies":[{"name":"wp","href":"https:\/\/api.w.org\/{rel}","templated":true}]}}