{"id":4694,"date":"2018-04-13T15:55:59","date_gmt":"2018-04-13T14:55:59","guid":{"rendered":"https:\/\/www.eberle.at\/?p=4694"},"modified":"2019-03-27T18:00:45","modified_gmt":"2019-03-27T17:00:45","slug":"lange-nacht-der-forschung","status":"publish","type":"post","link":"https:\/\/www.eberle.at\/de\/aktuelles\/lange-nacht-der-forschung\/","title":{"rendered":"Lange Nacht der Forschung"},"content":{"rendered":"<div class=\"wpb-content-wrapper\"><h1 class=\"seo-page-title\">Lange Nacht der Forschung<\/h1><p>[vc_row][vc_column width=&#8220;1\/3&#8243;]<div class=\"carousel\">\r\n        <ul class=\"carousel__items\">\r\n\t\t\t\t<li>\r\n\t\t\t\t\t<img decoding=\"async\" data-src=\"https:\/\/www.eberle.at\/wp-content\/uploads\/2018\/04\/1024_1024_LNF18_01.jpg\" src=\"data:image\/svg+xml;base64,PHN2ZyB3aWR0aD0iMSIgaGVpZ2h0PSIxIiB4bWxucz0iaHR0cDovL3d3dy53My5vcmcvMjAwMC9zdmciPjwvc3ZnPg==\" class=\"lazyload\" style=\"--smush-placeholder-width: 1024px; --smush-placeholder-aspect-ratio: 1024\/1024;\" \/>\r\n                    \r\n\t\t\t\t<\/li>\r\n\t\t\t\t<li>\r\n\t\t\t\t\t<img decoding=\"async\" data-src=\"https:\/\/www.eberle.at\/wp-content\/uploads\/2018\/04\/1024_1024_LNF18_06.jpg\" src=\"data:image\/svg+xml;base64,PHN2ZyB3aWR0aD0iMSIgaGVpZ2h0PSIxIiB4bWxucz0iaHR0cDovL3d3dy53My5vcmcvMjAwMC9zdmciPjwvc3ZnPg==\" class=\"lazyload\" style=\"--smush-placeholder-width: 1024px; --smush-placeholder-aspect-ratio: 1024\/1024;\" \/>\r\n                    \r\n\t\t\t\t<\/li>\r\n\t\t\t\t<li>\r\n\t\t\t\t\t<img decoding=\"async\" data-src=\"https:\/\/www.eberle.at\/wp-content\/uploads\/2018\/04\/1024_1024_LNF18_05.jpg\" src=\"data:image\/svg+xml;base64,PHN2ZyB3aWR0aD0iMSIgaGVpZ2h0PSIxIiB4bWxucz0iaHR0cDovL3d3dy53My5vcmcvMjAwMC9zdmciPjwvc3ZnPg==\" class=\"lazyload\" style=\"--smush-placeholder-width: 1024px; --smush-placeholder-aspect-ratio: 1024\/1024;\" \/>\r\n                    \r\n\t\t\t\t<\/li>\r\n\t\t\t\t<li>\r\n\t\t\t\t\t<img decoding=\"async\" data-src=\"https:\/\/www.eberle.at\/wp-content\/uploads\/2018\/04\/1024_1024_LNF18_03.jpg\" src=\"data:image\/svg+xml;base64,PHN2ZyB3aWR0aD0iMSIgaGVpZ2h0PSIxIiB4bWxucz0iaHR0cDovL3d3dy53My5vcmcvMjAwMC9zdmciPjwvc3ZnPg==\" class=\"lazyload\" style=\"--smush-placeholder-width: 1024px; --smush-placeholder-aspect-ratio: 1024\/1024;\" \/>\r\n                    \r\n\t\t\t\t<\/li>\r\n\t\t\t\t<li>\r\n\t\t\t\t\t<img decoding=\"async\" data-src=\"https:\/\/www.eberle.at\/wp-content\/uploads\/2018\/04\/1024_1024_LNF_02.jpg\" src=\"data:image\/svg+xml;base64,PHN2ZyB3aWR0aD0iMSIgaGVpZ2h0PSIxIiB4bWxucz0iaHR0cDovL3d3dy53My5vcmcvMjAwMC9zdmciPjwvc3ZnPg==\" class=\"lazyload\" style=\"--smush-placeholder-width: 1024px; --smush-placeholder-aspect-ratio: 1024\/1024;\" \/>\r\n                    \r\n\t\t\t\t<\/li>\r\n        <\/ul>\r\n        <\/div>[\/vc_column][vc_column width=&#8220;1\/3&#8243;]\r\n\t\t\t<div class=\"card\">\r\n\t\t\t\t<div class=\"s_richtext\">\r\n\t\t\t\t\t<p>87 Forschungsstationen an 9 Standorten in Dornbirn und Lustenau boten am 13.04.2018 im Rahmen der <strong>Langen Nacht der Forschung (LNF)<\/strong> Einblicke in die Arbeit Vorarlbergs ForscherInnen und EntwicklerInnen.<\/p>\n<p>Der direkte Zugang zu Forschung, Technik und Innovation weckt Neugierde und macht Wissenschaft erlebbar. Mehr als 3.500 Kinder, Jugendliche und Erwachsene interessierten sich im L\u00e4ndle f\u00fcr die gezeigten Experimente und Vorf\u00fchrungen.<\/p>\n<p>Eberle \u00f6ffnete Werkstatt und Labor f\u00fcr die breite Bev\u00f6lkerung und erkl\u00e4rte an 5 Forschungsstationen unter anderem, wie digitale Zwillinge und Cobots bereits heute die Fertigung in Unternehmen unterst\u00fctzen.<\/p>\n<p><strong>Begeisterung bis in die Nacht<\/strong><\/p>\n<p>Roboter, Digital Twin, HoloLens und die lernende Maschine stie\u00dfen auf reges Interesse und sorgten f\u00fcr Begeisterung bis Veranstaltungsende. Als Stations-Highlight stellte sich, wie erwartet, die Mutprobe in der digitalen Welt heraus.<\/p>\n<p>Die LNF wurde regional von der Wirtschafts-Standort Vorarlberg GmbH (WISTO), der FH Vorarlberg, der Wirtschaftskammer Vorarlberg (WKV) und der Industriellenvereinigung Vorarlberg (IV) in Kooperation mit der PRISMA Unternehmensgruppe organisiert.<\/p>\n\r\n\t\t\t\t<\/div>\r\n\t\t\t<\/div>[\/vc_column][vc_column width=&#8220;1\/3&#8243;][vc_single_image image=&#8220;3135&#8243; img_size=&#8220;full&#8220;][\/vc_column][\/vc_row]<\/p>\n<\/div>","protected":false},"excerpt":{"rendered":"<p>Mitmachen, staunen, begreifen &#8211; am Freitag, 13.04.2018 ging \u00d6sterreichs gr\u00f6\u00dftes Wissenschafts-Event \u00fcber die B\u00fchne. Wir waren mit 5 Forschungsstationen bei der 8. Auflage der Leistungsschau der heimischen Forschung dabei!<\/p>\n","protected":false},"author":1,"featured_media":3155,"comment_status":"closed","ping_status":"open","sticky":false,"template":"","format":"aside","meta":{"footnotes":""},"categories":[35],"tags":[],"class_list":["post-4694","post","type-post","status-publish","format-aside","has-post-thumbnail","hentry","category-veranstaltungen","post_format-post-format-aside"],"_links":{"self":[{"href":"https:\/\/www.eberle.at\/de\/wp-json\/wp\/v2\/posts\/4694","targetHints":{"allow":["GET"]}}],"collection":[{"href":"https:\/\/www.eberle.at\/de\/wp-json\/wp\/v2\/posts"}],"about":[{"href":"https:\/\/www.eberle.at\/de\/wp-json\/wp\/v2\/types\/post"}],"author":[{"embeddable":true,"href":"https:\/\/www.eberle.at\/de\/wp-json\/wp\/v2\/users\/1"}],"replies":[{"embeddable":true,"href":"https:\/\/www.eberle.at\/de\/wp-json\/wp\/v2\/comments?post=4694"}],"version-history":[{"count":7,"href":"https:\/\/www.eberle.at\/de\/wp-json\/wp\/v2\/posts\/4694\/revisions"}],"predecessor-version":[{"id":4836,"href":"https:\/\/www.eberle.at\/de\/wp-json\/wp\/v2\/posts\/4694\/revisions\/4836"}],"wp:featuredmedia":[{"embeddable":true,"href":"https:\/\/www.eberle.at\/de\/wp-json\/wp\/v2\/media\/3155"}],"wp:attachment":[{"href":"https:\/\/www.eberle.at\/de\/wp-json\/wp\/v2\/media?parent=4694"}],"wp:term":[{"taxonomy":"category","embeddable":true,"href":"https:\/\/www.eberle.at\/de\/wp-json\/wp\/v2\/categories?post=4694"},{"taxonomy":"post_tag","embeddable":true,"href":"https:\/\/www.eberle.at\/de\/wp-json\/wp\/v2\/tags?post=4694"}],"curies":[{"name":"wp","href":"https:\/\/api.w.org\/{rel}","templated":true}]}}