{"id":4707,"date":"2018-10-13T16:10:03","date_gmt":"2018-10-13T15:10:03","guid":{"rendered":"https:\/\/www.eberle.at\/?p=4707"},"modified":"2019-03-27T18:00:45","modified_gmt":"2019-03-27T17:00:45","slug":"digitalisierung-im-land","status":"publish","type":"post","link":"https:\/\/www.eberle.at\/de\/aktuelles\/digitalisierung-im-land\/","title":{"rendered":"Digitalisierung im Land"},"content":{"rendered":"<div class=\"wpb-content-wrapper\"><h1 class=\"seo-page-title\">Digitalisierung im Land<\/h1><p>[vc_row][vc_column width=&#8220;1\/3&#8243;][vc_single_image image=&#8220;4437&#8243; img_size=&#8220;full&#8220;][\/vc_column][vc_column width=&#8220;1\/3&#8243;]\r\n\t\t\t<div class=\"card\">\r\n\t\t\t\t<div class=\"s_richtext\">\r\n\t\t\t\t\t<p>Bericht der Serie <strong>Digitale Initiativen<\/strong> in den Vorarlberger Nachrichten vom 13. Oktober 2018. Das Thema &#8222;Digitalisierung im Land&#8220; pr\u00e4sentiert von der WISTO Vorarlberg.<\/p>\n<p>Digitale Zwillinge, cloudbasierte Monitorl\u00f6sungen und KI in der Qualit\u00e4tssicherung &#8211; unsere Schwerpunkte im Wandel der Technologien und Prozesse im neuen Industriezeitalter.<\/p>\n<p>Artikel <a href=\"https:\/\/www.eberle.at\/wp-content\/uploads\/2019\/01\/20181013_VN_Digitale_Initiativen.jpg\">Dynamische Digitalszene VN 13. Oktober 2018<\/a><\/p>\n\r\n\t\t\t\t<\/div>\r\n\t\t\t<\/div>[\/vc_column][vc_column width=&#8220;1\/3&#8243;][\/vc_column][\/vc_row]<\/p>\n<\/div>","protected":false},"excerpt":{"rendered":"<p>Bericht der Serie &#8222;Digitale Initiativen&#8220; in den Vorarlberger Nachrichten. Digitale Zwillinge, cloudbasierte Monitorl\u00f6sungen und KI, ein \u00dcberblick \u00fcber unser Leistungsspektrum zum Thema Digitalisierung. <\/p>\n","protected":false},"author":1,"featured_media":4845,"comment_status":"closed","ping_status":"open","sticky":false,"template":"","format":"aside","meta":{"footnotes":""},"categories":[37],"tags":[],"class_list":["post-4707","post","type-post","status-publish","format-aside","has-post-thumbnail","hentry","category-presse","post_format-post-format-aside"],"_links":{"self":[{"href":"https:\/\/www.eberle.at\/de\/wp-json\/wp\/v2\/posts\/4707","targetHints":{"allow":["GET"]}}],"collection":[{"href":"https:\/\/www.eberle.at\/de\/wp-json\/wp\/v2\/posts"}],"about":[{"href":"https:\/\/www.eberle.at\/de\/wp-json\/wp\/v2\/types\/post"}],"author":[{"embeddable":true,"href":"https:\/\/www.eberle.at\/de\/wp-json\/wp\/v2\/users\/1"}],"replies":[{"embeddable":true,"href":"https:\/\/www.eberle.at\/de\/wp-json\/wp\/v2\/comments?post=4707"}],"version-history":[{"count":9,"href":"https:\/\/www.eberle.at\/de\/wp-json\/wp\/v2\/posts\/4707\/revisions"}],"predecessor-version":[{"id":4852,"href":"https:\/\/www.eberle.at\/de\/wp-json\/wp\/v2\/posts\/4707\/revisions\/4852"}],"wp:featuredmedia":[{"embeddable":true,"href":"https:\/\/www.eberle.at\/de\/wp-json\/wp\/v2\/media\/4845"}],"wp:attachment":[{"href":"https:\/\/www.eberle.at\/de\/wp-json\/wp\/v2\/media?parent=4707"}],"wp:term":[{"taxonomy":"category","embeddable":true,"href":"https:\/\/www.eberle.at\/de\/wp-json\/wp\/v2\/categories?post=4707"},{"taxonomy":"post_tag","embeddable":true,"href":"https:\/\/www.eberle.at\/de\/wp-json\/wp\/v2\/tags?post=4707"}],"curies":[{"name":"wp","href":"https:\/\/api.w.org\/{rel}","templated":true}]}}