{"id":5203,"date":"2019-04-16T15:09:15","date_gmt":"2019-04-16T14:09:15","guid":{"rendered":"https:\/\/www.eberle.at\/?p=5203"},"modified":"2023-02-01T11:54:35","modified_gmt":"2023-02-01T10:54:35","slug":"netzwerktreffen-graz","status":"publish","type":"post","link":"https:\/\/www.eberle.at\/de\/aktuelles\/netzwerktreffen-graz\/","title":{"rendered":"Netzwerktreffen Graz"},"content":{"rendered":"<div class=\"wpb-content-wrapper\"><h1 class=\"seo-page-title\">Netzwerktreffen Graz<\/h1><p>[vc_row][vc_column width=&#8220;1\/3&#8243;][vc_single_image image=&#8220;5210&#8243; img_size=&#8220;full&#8220;][\/vc_column][vc_column width=&#8220;1\/3&#8243;]\r\n\t\t\t<div class=\"card\">\r\n\t\t\t\t<div class=\"s_richtext\">\r\n\t\t\t\t\t<p>Vorarlberger Technikstudierende in Graz aufgepasst!<\/p>\n<p>Am Mittwoch, 08. Mai 2019 findet im G\u00f6sserbrau das <a href=\"https:\/\/www.chancenland.at\/\">Chancenland Vorarlberg<\/a> Netzwerktreffen statt. Eine spannende Veranstaltung zum Kennenlernen der teilnehmenden Unternehmen in entspannter Atmosph\u00e4re. Informiere Dich \u00fcber Praktika und Themen f\u00fcr Deine Abschlussarbeit.<\/p>\n<p>Das Format des Netzwerktreffens variiert von Jahr zu Jahr, 2019 wird ein L\u00c4NDLESPIEL organisiert. Lass Dich \u00fcberraschen!<\/p>\n<p>Anmeldung bis zum 03. Mai mit Angabe Deiner Studienrichtung unter info@chancenland.at.<\/p>\n<p>Alle Infos hier <a href=\"https:\/\/www.chancenland.at\/\">Netzwerktreffen Graz 2019<\/a><\/p>\n\r\n\t\t\t\t<\/div>\r\n\t\t\t<\/div>[\/vc_column][vc_column width=&#8220;1\/3&#8243;][\/vc_column][\/vc_row]<\/p>\n<\/div>","protected":false},"excerpt":{"rendered":"<p>Vorarlberger Technikstudierende in Graz aufgepasst! Am Mittwoch, 08. Mai 2019 findet im G\u00f6sserbrau das Chancenland Vorarlberg Netzwerktreffen statt. Hol Dir alle Infos \u00fcber die attraktiven Karrierechancen.<\/p>\n","protected":false},"author":1,"featured_media":5204,"comment_status":"closed","ping_status":"open","sticky":false,"template":"","format":"aside","meta":{"footnotes":""},"categories":[35],"tags":[],"class_list":["post-5203","post","type-post","status-publish","format-aside","has-post-thumbnail","hentry","category-veranstaltungen","post_format-post-format-aside"],"_links":{"self":[{"href":"https:\/\/www.eberle.at\/de\/wp-json\/wp\/v2\/posts\/5203","targetHints":{"allow":["GET"]}}],"collection":[{"href":"https:\/\/www.eberle.at\/de\/wp-json\/wp\/v2\/posts"}],"about":[{"href":"https:\/\/www.eberle.at\/de\/wp-json\/wp\/v2\/types\/post"}],"author":[{"embeddable":true,"href":"https:\/\/www.eberle.at\/de\/wp-json\/wp\/v2\/users\/1"}],"replies":[{"embeddable":true,"href":"https:\/\/www.eberle.at\/de\/wp-json\/wp\/v2\/comments?post=5203"}],"version-history":[{"count":8,"href":"https:\/\/www.eberle.at\/de\/wp-json\/wp\/v2\/posts\/5203\/revisions"}],"predecessor-version":[{"id":12739,"href":"https:\/\/www.eberle.at\/de\/wp-json\/wp\/v2\/posts\/5203\/revisions\/12739"}],"wp:featuredmedia":[{"embeddable":true,"href":"https:\/\/www.eberle.at\/de\/wp-json\/wp\/v2\/media\/5204"}],"wp:attachment":[{"href":"https:\/\/www.eberle.at\/de\/wp-json\/wp\/v2\/media?parent=5203"}],"wp:term":[{"taxonomy":"category","embeddable":true,"href":"https:\/\/www.eberle.at\/de\/wp-json\/wp\/v2\/categories?post=5203"},{"taxonomy":"post_tag","embeddable":true,"href":"https:\/\/www.eberle.at\/de\/wp-json\/wp\/v2\/tags?post=5203"}],"curies":[{"name":"wp","href":"https:\/\/api.w.org\/{rel}","templated":true}]}}