{"id":5717,"date":"2020-01-27T08:30:36","date_gmt":"2020-01-27T07:30:36","guid":{"rendered":"https:\/\/www.eberle.at\/?p=5717"},"modified":"2020-01-28T16:57:25","modified_gmt":"2020-01-28T15:57:25","slug":"jobmesse-fhv-dornbirn-2020","status":"publish","type":"post","link":"https:\/\/www.eberle.at\/de\/aktuelles\/jobmesse-fhv-dornbirn-2020\/","title":{"rendered":"Jobmesse FHV Dornbirn 2020"},"content":{"rendered":"<div class=\"wpb-content-wrapper\"><h1 class=\"seo-page-title\">Jobmesse FHV Dornbirn 2020<\/h1><p>[vc_row][vc_column width=&#8220;1\/3&#8243;]<div class=\"carousel\">\r\n        <ul class=\"carousel__items\">\r\n\t\t\t\t<li>\r\n\t\t\t\t\t<img decoding=\"async\" data-src=\"https:\/\/www.eberle.at\/wp-content\/uploads\/2020\/01\/1024_1024_jobmesse_2020_01.jpg\" src=\"data:image\/svg+xml;base64,PHN2ZyB3aWR0aD0iMSIgaGVpZ2h0PSIxIiB4bWxucz0iaHR0cDovL3d3dy53My5vcmcvMjAwMC9zdmciPjwvc3ZnPg==\" class=\"lazyload\" style=\"--smush-placeholder-width: 2592px; --smush-placeholder-aspect-ratio: 2592\/2591;\" \/>\r\n                    \r\n\t\t\t\t<\/li>\r\n\t\t\t\t<li>\r\n\t\t\t\t\t<img decoding=\"async\" data-src=\"https:\/\/www.eberle.at\/wp-content\/uploads\/2020\/01\/1024_1024_Jobmesse_2020_04.jpg\" src=\"data:image\/svg+xml;base64,PHN2ZyB3aWR0aD0iMSIgaGVpZ2h0PSIxIiB4bWxucz0iaHR0cDovL3d3dy53My5vcmcvMjAwMC9zdmciPjwvc3ZnPg==\" class=\"lazyload\" style=\"--smush-placeholder-width: 2589px; --smush-placeholder-aspect-ratio: 2589\/2589;\" \/>\r\n                    \r\n\t\t\t\t<\/li>\r\n\t\t\t\t<li>\r\n\t\t\t\t\t<img decoding=\"async\" data-src=\"https:\/\/www.eberle.at\/wp-content\/uploads\/2020\/01\/1024_1024_Jobmesse_2020_05.jpg\" src=\"data:image\/svg+xml;base64,PHN2ZyB3aWR0aD0iMSIgaGVpZ2h0PSIxIiB4bWxucz0iaHR0cDovL3d3dy53My5vcmcvMjAwMC9zdmciPjwvc3ZnPg==\" class=\"lazyload\" style=\"--smush-placeholder-width: 2589px; --smush-placeholder-aspect-ratio: 2589\/2589;\" \/>\r\n                    \r\n\t\t\t\t<\/li>\r\n\t\t\t\t<li>\r\n\t\t\t\t\t<img decoding=\"async\" data-src=\"https:\/\/www.eberle.at\/wp-content\/uploads\/2020\/01\/1024_1024_Jobmesse_2020_07.jpg\" src=\"data:image\/svg+xml;base64,PHN2ZyB3aWR0aD0iMSIgaGVpZ2h0PSIxIiB4bWxucz0iaHR0cDovL3d3dy53My5vcmcvMjAwMC9zdmciPjwvc3ZnPg==\" class=\"lazyload\" style=\"--smush-placeholder-width: 2569px; --smush-placeholder-aspect-ratio: 2569\/2569;\" \/>\r\n                    \r\n\t\t\t\t<\/li>\r\n\t\t\t\t<li>\r\n\t\t\t\t\t<img decoding=\"async\" data-src=\"https:\/\/www.eberle.at\/wp-content\/uploads\/2020\/01\/1024_1024_Jobmesse_2020_02.jpg\" src=\"data:image\/svg+xml;base64,PHN2ZyB3aWR0aD0iMSIgaGVpZ2h0PSIxIiB4bWxucz0iaHR0cDovL3d3dy53My5vcmcvMjAwMC9zdmciPjwvc3ZnPg==\" class=\"lazyload\" style=\"--smush-placeholder-width: 2592px; --smush-placeholder-aspect-ratio: 2592\/2591;\" \/>\r\n                    \r\n\t\t\t\t<\/li>\r\n\t\t\t\t<li>\r\n\t\t\t\t\t<img decoding=\"async\" data-src=\"https:\/\/www.eberle.at\/wp-content\/uploads\/2020\/01\/1024_1024_Jobmesse_2020_06-1.jpg\" src=\"data:image\/svg+xml;base64,PHN2ZyB3aWR0aD0iMSIgaGVpZ2h0PSIxIiB4bWxucz0iaHR0cDovL3d3dy53My5vcmcvMjAwMC9zdmciPjwvc3ZnPg==\" class=\"lazyload\" style=\"--smush-placeholder-width: 1024px; --smush-placeholder-aspect-ratio: 1024\/1024;\" \/>\r\n                    \r\n\t\t\t\t<\/li>\r\n\t\t\t\t<li>\r\n\t\t\t\t\t<img decoding=\"async\" data-src=\"https:\/\/www.eberle.at\/wp-content\/uploads\/2020\/01\/1024_1024_Jobmesse_2020_03-1.jpg\" src=\"data:image\/svg+xml;base64,PHN2ZyB3aWR0aD0iMSIgaGVpZ2h0PSIxIiB4bWxucz0iaHR0cDovL3d3dy53My5vcmcvMjAwMC9zdmciPjwvc3ZnPg==\" class=\"lazyload\" style=\"--smush-placeholder-width: 1024px; --smush-placeholder-aspect-ratio: 1024\/1024;\" \/>\r\n                    \r\n\t\t\t\t<\/li>\r\n        <\/ul>\r\n        <\/div>[\/vc_column][vc_column width=&#8220;1\/3&#8243;]\r\n\t\t\t<div class=\"card\">\r\n\t\t\t\t<div class=\"s_richtext\">\r\n\t\t\t\t\t<div>\n<p>An der FH Vorarlberg drehte sich am vergangenen Freitag alles um Jobs, Karriere und Ausbildung!<\/p>\n<p>Die gr\u00f6\u00dfte Veranstaltung f\u00fcr Recruiting und Karriere im L\u00e4ndle wartete mit einer Rekordanzahl von 115 Unternehmen der DACH-Region auf.<\/p>\n<h3>\u2192 Praktika, Jobs &amp; Karriere \u2190<\/h3>\n<p>Wir waren auch im 12. Jahr wieder dabei und informierten vor Ort \u00fcber unsere attraktiven <a href=\"\/?page_id=4559\">Jobangebote<\/a>, die aktuellen <a href=\"https:\/\/www.eberle.at\/de\/unternehmen\/karriere\/schueler-und-studierende\/\">Projektausschreibungen<\/a> und die <a href=\"https:\/\/www.eberle.at\/de\/unternehmen\/karriere\/\">Karrierem\u00f6glichkeiten<\/a> bei Eberle!<\/p>\n<p>Der Tag brachte zahlreiche motivierte Besucher und viele interessante Gespr\u00e4che \u2013 wir freuen uns auf die Bewerbungen!<\/p>\n<p>Durchgef\u00fchrt wurde die Karrieremesse von der Industriellenvereinigung, der FH Vorarlberg und den Vorarlberger Nachrichten.<\/p>\n<\/div>\n\r\n\t\t\t\t<\/div>\r\n\t\t\t<\/div>[\/vc_column][\/vc_row]<\/p>\n<\/div>","protected":false},"excerpt":{"rendered":"<p>Am 24. J\u00e4nner fand nun bereits zum 12. Mal die Jobmesse an der Fachhochschule in Dornbirn statt. Die Top-M\u00f6glichkeit, sich \u00fcber die Karrierem\u00f6glichkeiten bei Eberle zu informieren!<\/p>\n","protected":false},"author":1,"featured_media":5886,"comment_status":"closed","ping_status":"open","sticky":false,"template":"","format":"aside","meta":{"footnotes":""},"categories":[35],"tags":[],"class_list":["post-5717","post","type-post","status-publish","format-aside","has-post-thumbnail","hentry","category-veranstaltungen","post_format-post-format-aside"],"_links":{"self":[{"href":"https:\/\/www.eberle.at\/de\/wp-json\/wp\/v2\/posts\/5717","targetHints":{"allow":["GET"]}}],"collection":[{"href":"https:\/\/www.eberle.at\/de\/wp-json\/wp\/v2\/posts"}],"about":[{"href":"https:\/\/www.eberle.at\/de\/wp-json\/wp\/v2\/types\/post"}],"author":[{"embeddable":true,"href":"https:\/\/www.eberle.at\/de\/wp-json\/wp\/v2\/users\/1"}],"replies":[{"embeddable":true,"href":"https:\/\/www.eberle.at\/de\/wp-json\/wp\/v2\/comments?post=5717"}],"version-history":[{"count":48,"href":"https:\/\/www.eberle.at\/de\/wp-json\/wp\/v2\/posts\/5717\/revisions"}],"predecessor-version":[{"id":5917,"href":"https:\/\/www.eberle.at\/de\/wp-json\/wp\/v2\/posts\/5717\/revisions\/5917"}],"wp:featuredmedia":[{"embeddable":true,"href":"https:\/\/www.eberle.at\/de\/wp-json\/wp\/v2\/media\/5886"}],"wp:attachment":[{"href":"https:\/\/www.eberle.at\/de\/wp-json\/wp\/v2\/media?parent=5717"}],"wp:term":[{"taxonomy":"category","embeddable":true,"href":"https:\/\/www.eberle.at\/de\/wp-json\/wp\/v2\/categories?post=5717"},{"taxonomy":"post_tag","embeddable":true,"href":"https:\/\/www.eberle.at\/de\/wp-json\/wp\/v2\/tags?post=5717"}],"curies":[{"name":"wp","href":"https:\/\/api.w.org\/{rel}","templated":true}]}}