{"id":7036,"date":"2022-03-04T09:21:54","date_gmt":"2022-03-04T08:21:54","guid":{"rendered":"https:\/\/www.eberle.at\/?p=7036"},"modified":"2022-03-04T09:28:44","modified_gmt":"2022-03-04T08:28:44","slug":"wechsel_geschaeftsfuehrung","status":"publish","type":"post","link":"https:\/\/www.eberle.at\/de\/aktuelles\/wechsel_geschaeftsfuehrung\/","title":{"rendered":"Wechsel in der Gesch\u00e4ftsf\u00fchrung"},"content":{"rendered":"<div class=\"wpb-content-wrapper\"><h1 class=\"seo-page-title\">Wechsel in der Gesch\u00e4ftsf\u00fchrung<\/h1><p>[vc_row][vc_column width=&#8220;1\/3&#8243;][vc_single_image image=&#8220;7041&#8243; img_size=&#8220;full&#8220; add_caption=&#8220;yes&#8220;][vc_column_text]Neue Gesch\u00e4ftsf\u00fchrung bei Eberle Automatische Systeme: Martin Moosmann (links) und Viktor Eberle (rechts). Quelle: Eberle Automatische Systeme\/Lisa Mathis[\/vc_column_text][\/vc_column][vc_column width=&#8220;1\/3&#8243;]\r\n\t\t\t<div class=\"card\">\r\n\t\t\t\t<div class=\"s_richtext\">\r\n\t\t\t\t\t<p><strong>Nach 25 Jahren hat Martin Eberle die Gesch\u00e4ftsf\u00fchrung von Eberle Automatische Systeme in Dornbirn an seinen langj\u00e4hrigen Stellvertreter Martin Moosmann und an seinen Sohn Viktor Eberle \u00fcbergeben. Gemeinsam m\u00f6chten sie weiterhin Gestaltungsm\u00f6glichkeiten nutzen, Innovationen vorantreiben und Kooperationen ausbauen. \u00a0<\/strong><\/p>\n<p>Martin Eberle gr\u00fcndete 1996 das Unternehmen f\u00fcr Automatisierungstechnik in Dornbirn. Nach 25 Jahren als Gesch\u00e4ftsf\u00fchrer von Eberle Automatische Systeme zieht er sich nun aus dem operativen Gesch\u00e4ft zur\u00fcck. Martin Eberle bleibt dem Unternehmen jedoch erhalten und k\u00fcmmert sich in Zukunft um Themen wie Qualit\u00e4tssicherung und Nachwuchsf\u00f6rderung. \u201eIn den vergangenen Jahren habe ich eine aufregende Zeit der intensiven Aufbau- und Entwicklungsarbeit begleitet. Ich durfte mit hervorragenden Mitarbeitern und Mitarbeiterinnen, gesch\u00e4tzten Kunden und Partnern spannende technische Entwicklungen vorantreiben. Zahlreiche dieser von uns umgesetzten Innovationen sind national und international erfolgreich im Einsatz\u201c, blickt Martin Eberle stolz zur\u00fcck. Nun sei es jedoch Zeit, an die n\u00e4chste Generation zu \u00fcbergeben. Anfang des Jahres \u00fcbernahmen Martin Moosmann und Viktor Eberle die Gesch\u00e4ftsf\u00fchrung von Eberle Automatische Systeme.<\/p>\n<p><strong>Neue Gestaltungsm\u00f6glichkeiten<\/strong><\/p>\n<p>Martin Moosmann (45) ist seit 23 Jahren bei Eberle Automatische Systeme t\u00e4tig. Nach seinen Anf\u00e4ngen als Automatisierungstechniker leitete er in den vergangenen zwei Jahrzehnten die Fachbereiche Automatisierung, Elektro- und Steuerungstechnik sowie Robotik. Die letzten 15 Jahre unterst\u00fctzte er Martin Eberle als Stellvertreter. \u201eIm Laufe meiner T\u00e4tigkeit bei Eberle habe ich H\u00f6hen und auch Herausforderungen miterlebt. Heute sind wir besser aufgestellt denn je und verf\u00fcgen \u00fcber hochqualifizierte Mitarbeiterinnen und Mitarbeiter, modernste Technologie und marktf\u00fchrende Produkte. Diese positive Entwicklung m\u00f6chten wir nun kontinuierlich fortf\u00fchren. Dabei werden die W\u00fcnsche unserer Mitarbeitenden und Kunden weiterhin im Mittelpunkt unseres Handels stehen\u201c, erkl\u00e4rt Martin Moosmann.<\/p>\n<p>Viktor Eberle (33), Sohn von Martin Eberle, ist seit drei Jahren bei Eberle Automatische Systeme t\u00e4tig. Er bringt zehn Jahre Erfahrung in Konstruktion und Entwicklung mit und hat berufsbegleitend ein Studium in Mechatronik absolviert. \u201eMit der \u00dcbernahme der Gesch\u00e4ftsf\u00fchrung er\u00f6ffnen sich uns neue Gestaltungsm\u00f6glichkeiten. Gemeinsam mit unserem Team wollen wir weiterhin Innovationen auf hohem technischen Niveau umsetzen. Gro\u00dfes Augenmerk legen wir auf Nachhaltigkeit \u2013 das spiegelt sich beispielsweise in unserem Neubauprojekt wider. Mit Kooperationen in den Bereichen Forschung und Entwicklung wollen wir auch in Zukunft interessante und moderne Arbeitspl\u00e4tze in unserem Unternehmen schaffen\u201c, f\u00fchrt Viktor Eberle aus.<\/p>\n<p><strong>\u00dcber Eberle Automatische Systeme<\/strong><\/p>\n<p>Eberle Automatische Systeme ist ein Unternehmen f\u00fcr Automatisierungstechnik, welches schl\u00fcsselfertige Auftrags- und Forschungsprojekte abwickelt. Das 1996 von Martin Eberle gegr\u00fcndete Unternehmen erzielte im vergangenen Jahr einen Umsatz von sechs Millionen Euro. Derzeit sind 40 Mitarbeitende in den Fachbereichen Robotik, industrielle Bildverarbeitung, Elektrotechnik, Steuerungstechnik, Maschinenbau und Softwareentwicklung besch\u00e4ftigt. Die von Eberle entwickelten digitalen Dienste, wie das Maschinenmonitoring oder die virtuelle Inbetriebnahme, werden international angeboten. Gemeinsam mit Partnern wie der Fachhochschule Vorarlberg setzt das Unternehmen Forschungsprojekte mit verschiedensten Schwerpunkten \u2013 z. B. im Bereich der k\u00fcnstlichen Intelligenz \u2013 um. Eberle Automatische Systeme ist zudem Innovationspreistr\u00e4ger des Landes Vorarlberg.<\/p>\n\r\n\t\t\t\t<\/div>\r\n\t\t\t<\/div>[\/vc_column][vc_column width=&#8220;1\/3&#8243;][\/vc_column][\/vc_row]<\/p>\n<\/div>","protected":false},"excerpt":{"rendered":"<p>Martin Eberle \u00fcbergibt Gesch\u00e4ftsf\u00fchrung an Martin Moosmann und Viktor Eberle<\/p>\n","protected":false},"author":4,"featured_media":7039,"comment_status":"closed","ping_status":"open","sticky":false,"template":"","format":"aside","meta":{"footnotes":""},"categories":[37],"tags":[],"class_list":["post-7036","post","type-post","status-publish","format-aside","has-post-thumbnail","hentry","category-presse","post_format-post-format-aside"],"_links":{"self":[{"href":"https:\/\/www.eberle.at\/de\/wp-json\/wp\/v2\/posts\/7036","targetHints":{"allow":["GET"]}}],"collection":[{"href":"https:\/\/www.eberle.at\/de\/wp-json\/wp\/v2\/posts"}],"about":[{"href":"https:\/\/www.eberle.at\/de\/wp-json\/wp\/v2\/types\/post"}],"author":[{"embeddable":true,"href":"https:\/\/www.eberle.at\/de\/wp-json\/wp\/v2\/users\/4"}],"replies":[{"embeddable":true,"href":"https:\/\/www.eberle.at\/de\/wp-json\/wp\/v2\/comments?post=7036"}],"version-history":[{"count":13,"href":"https:\/\/www.eberle.at\/de\/wp-json\/wp\/v2\/posts\/7036\/revisions"}],"predecessor-version":[{"id":7060,"href":"https:\/\/www.eberle.at\/de\/wp-json\/wp\/v2\/posts\/7036\/revisions\/7060"}],"wp:featuredmedia":[{"embeddable":true,"href":"https:\/\/www.eberle.at\/de\/wp-json\/wp\/v2\/media\/7039"}],"wp:attachment":[{"href":"https:\/\/www.eberle.at\/de\/wp-json\/wp\/v2\/media?parent=7036"}],"wp:term":[{"taxonomy":"category","embeddable":true,"href":"https:\/\/www.eberle.at\/de\/wp-json\/wp\/v2\/categories?post=7036"},{"taxonomy":"post_tag","embeddable":true,"href":"https:\/\/www.eberle.at\/de\/wp-json\/wp\/v2\/tags?post=7036"}],"curies":[{"name":"wp","href":"https:\/\/api.w.org\/{rel}","templated":true}]}}